{"id":1143,"date":"2026-04-26T09:39:14","date_gmt":"2026-04-26T09:39:14","guid":{"rendered":"https:\/\/relanceinfo.tg\/?p=1143"},"modified":"2026-04-26T09:46:06","modified_gmt":"2026-04-26T09:46:06","slug":"togo66e-anniv-dindependance-faure-gnassingbe-decore-plusieurs-personnalites-militaires","status":"publish","type":"post","link":"https:\/\/relanceinfo.tg\/?p=1143","title":{"rendered":"Togo|66e anniv d&rsquo;ind\u00e9pendance : Faure GNASSINGBE d\u00e9core plusieurs personnalit\u00e9s militaires"},"content":{"rendered":"\n<p><strong>Le Pr\u00e9sident du Conseil, Faure Essozimna GNASSINGBE, Chef supr\u00eame des arm\u00e9es a pr\u00e9sid\u00e9 samedi 25 avril 2026 au camp G\u00e9n\u00e9ral Gnassingb\u00e9 Eyad\u00e9ma \u00e0 Lom\u00e9 une c\u00e9r\u00e9monie de d\u00e9coration de plusieurs personnalit\u00e9s militaires, y compris le ministre en charge de la s\u00e9curit\u00e9 en reconnaissance de leur contribution \u00e0 la consolidation de la paix, la s\u00e9curit\u00e9 et la stabilit\u00e9 au et Togo<\/strong>.<\/p>\n\n\n\n<p>Plac\u00e9 sous le sceau du devoir de m\u00e9moire, l\u2019\u00e9v\u00e9nement s\u2019inscrit dans le cadre des activit\u00e9s marquant le 66\u1d49 anniversaire de l\u2019accession du Togo \u00e0 la souverainet\u00e9 internationale.<\/p>\n\n\n\n<p>\u00c0 cette occasion, le Pr\u00e9sident du Conseil a \u00e9lev\u00e9 des Officiers sup\u00e9rieurs, Officiers subalternes, Sous-officiers et soldats respectivement au rang de Commandeurs de l\u2019ordre du Mono, de l\u2019Ordre national du m\u00e9rite, d\u2019Officiers de l\u2019ordre du Mono, d\u2019Officiers de l\u2019ordre national du m\u00e9rite, de Chevaliers de l\u2019ordre du Mono, de Chevaliers de l\u2019ordre national du m\u00e9rite. Il a \u00e9galement d\u00e9cern\u00e9 des m\u00e9dailles du m\u00e9rite militaire.<\/p>\n\n\n\n<figure class=\"wp-block-gallery has-nested-images columns-default is-cropped wp-block-gallery-1 is-layout-flex wp-block-gallery-is-layout-flex\">\n<figure class=\"wp-block-image size-large\"><img fetchpriority=\"high\" decoding=\"async\" width=\"1024\" height=\"683\" data-id=\"1144\" src=\"https:\/\/relanceinfo.tg\/wp-content\/uploads\/2026\/04\/1002215210-1024x683.jpg\" alt=\"\" class=\"wp-image-1144\" srcset=\"https:\/\/relanceinfo.tg\/wp-content\/uploads\/2026\/04\/1002215210-1024x683.jpg 1024w, https:\/\/relanceinfo.tg\/wp-content\/uploads\/2026\/04\/1002215210-300x200.jpg 300w, https:\/\/relanceinfo.tg\/wp-content\/uploads\/2026\/04\/1002215210-768x512.jpg 768w, https:\/\/relanceinfo.tg\/wp-content\/uploads\/2026\/04\/1002215210.jpg 1280w\" sizes=\"(max-width: 1024px) 100vw, 1024px\" \/><\/figure>\n<\/figure>\n\n\n\n<p>Face aux d\u00e9fis s\u00e9curitaires croissants qui secouent notre sous-r\u00e9gion, marqu\u00e9s par la menace persistante du terrorisme et de l\u2019extr\u00e9misme violent aux fronti\u00e8res septentrionales du pays, le Togo a su opposer une r\u00e9ponse ferme, structur\u00e9e et r\u00e9solue. Au c\u0153ur de cette dynamique se trouvent la vision strat\u00e9gique et l\u2019engagement constant du Pr\u00e9sident du Conseil, chef supr\u00eame des arm\u00e9es, garant de l\u2019int\u00e9grit\u00e9 territoriale et de la s\u00e9curit\u00e9 nationale.<\/p>\n\n\n\n<figure class=\"wp-block-gallery has-nested-images columns-default is-cropped wp-block-gallery-2 is-layout-flex wp-block-gallery-is-layout-flex\">\n<figure class=\"wp-block-image size-large\"><img decoding=\"async\" width=\"800\" height=\"533\" data-id=\"1145\" src=\"https:\/\/relanceinfo.tg\/wp-content\/uploads\/2026\/04\/1002215227.jpg\" alt=\"\" class=\"wp-image-1145\" srcset=\"https:\/\/relanceinfo.tg\/wp-content\/uploads\/2026\/04\/1002215227.jpg 800w, https:\/\/relanceinfo.tg\/wp-content\/uploads\/2026\/04\/1002215227-300x200.jpg 300w, https:\/\/relanceinfo.tg\/wp-content\/uploads\/2026\/04\/1002215227-768x512.jpg 768w\" sizes=\"(max-width: 800px) 100vw, 800px\" \/><\/figure>\n<\/figure>\n\n\n\n<p>Cet \u00e9v\u00e9nement a ainsi offert l\u2019occasion aux forces de d\u00e9fense et de s\u00e9curit\u00e9 d\u2019exprimer leur reconnaissance au Pr\u00e9sident du Conseil, Faure Essozimna Gnassingb\u00e9, Chef supr\u00eame des arm\u00e9es pour sa d\u00e9termination et son engagement ind\u00e9fectible \u00e0 moderniser l\u2019appareil militaire pour la protection du pays.<\/p>\n\n\n\n\n\n<figure class=\"wp-block-image size-large\"><img decoding=\"async\" width=\"1024\" height=\"678\" src=\"https:\/\/relanceinfo.tg\/wp-content\/uploads\/2026\/04\/1002215212-1024x678.jpg\" alt=\"\" class=\"wp-image-1151\" srcset=\"https:\/\/relanceinfo.tg\/wp-content\/uploads\/2026\/04\/1002215212-1024x678.jpg 1024w, https:\/\/relanceinfo.tg\/wp-content\/uploads\/2026\/04\/1002215212-300x199.jpg 300w, https:\/\/relanceinfo.tg\/wp-content\/uploads\/2026\/04\/1002215212-768x509.jpg 768w, https:\/\/relanceinfo.tg\/wp-content\/uploads\/2026\/04\/1002215212.jpg 1280w\" sizes=\"(max-width: 1024px) 100vw, 1024px\" \/><\/figure>\n\n\n\n<p>\u00ab\u00a0Nous rendons un hommage appuy\u00e9 au Chef supr\u00eame des Arm\u00e9es, en reconnaissance de son r\u00f4le fondamental dans la pr\u00e9servation de la paix, de son engagement ind\u00e9fectible pour la s\u00e9curit\u00e9 des Togolais et de sa volont\u00e9 constante de b\u00e2tir une ann\u00e9e forte, moderne et respect\u00e9e\u00a0\u00bb.<\/p>\n\n\n\n<figure class=\"wp-block-gallery has-nested-images columns-default is-cropped wp-block-gallery-3 is-layout-flex wp-block-gallery-is-layout-flex\">\n<figure class=\"wp-block-image size-large\"><img loading=\"lazy\" decoding=\"async\" width=\"800\" height=\"533\" data-id=\"1147\" src=\"https:\/\/relanceinfo.tg\/wp-content\/uploads\/2026\/04\/1002215227-1.jpg\" alt=\"\" class=\"wp-image-1147\" srcset=\"https:\/\/relanceinfo.tg\/wp-content\/uploads\/2026\/04\/1002215227-1.jpg 800w, https:\/\/relanceinfo.tg\/wp-content\/uploads\/2026\/04\/1002215227-1-300x200.jpg 300w, https:\/\/relanceinfo.tg\/wp-content\/uploads\/2026\/04\/1002215227-1-768x512.jpg 768w\" sizes=\"(max-width: 800px) 100vw, 800px\" \/><\/figure>\n<\/figure>\n\n\n\n<p>Au-del\u00e0 de la port\u00e9e symbolique, cette c\u00e9r\u00e9monie de d\u00e9coration est aussi l\u2019expression de la gratitude de la R\u00e9publique envers ceux qui par leur bravoure et loyaut\u00e9, prot\u00e8gent notre nation face aux menaces s\u00e9curitaires, parfois jusqu\u2019au sacrifice supr\u00eame. Elle souligne, une fois encore, l\u2019importance de l\u2019arm\u00e9e dans la pr\u00e9servation de la paix et de la coh\u00e9sion nationale.<\/p>\n\n\n\n<p>Ce moment solennel a \u00e9t\u00e9 marqu\u00e9 par un d\u00e9fil\u00e9 militaire et paramilitaire qui a mis en valeur la discipline, la rigueur et le professionnalisme des forces de d\u00e9fense et de s\u00e9curit\u00e9.<\/p>\n\n\n\n<p>Maurice (9030-0422)<\/p>\n\n\n\n<p><\/p>\n","protected":false},"excerpt":{"rendered":"<p>Le Pr\u00e9sident du Conseil, Faure Essozimna GNASSINGBE, Chef supr\u00eame des arm\u00e9es a pr\u00e9sid\u00e9 samedi 25 avril 2026 au camp G\u00e9n\u00e9ral Gnassingb\u00e9 Eyad\u00e9ma \u00e0 Lom\u00e9 une c\u00e9r\u00e9monie de d\u00e9coration de plusieurs personnalit\u00e9s militaires, y compris le ministre en charge de la s\u00e9curit\u00e9 en reconnaissance de leur contribution \u00e0 la consolidation de la paix, la s\u00e9curit\u00e9 et [&hellip;]<\/p>\n","protected":false},"author":2,"featured_media":1149,"comment_status":"open","ping_status":"open","sticky":false,"template":"","format":"standard","meta":{"footnotes":""},"categories":[8],"tags":[],"class_list":["post-1143","post","type-post","status-publish","format-standard","has-post-thumbnail","hentry","category-mivasse"],"yoast_head":"<!-- This site is optimized with the Yoast SEO plugin v27.2 - https:\/\/yoast.com\/product\/yoast-seo-wordpress\/ -->\n<title>Togo|66e anniv d&#039;ind\u00e9pendance : Faure GNASSINGBE d\u00e9core plusieurs personnalit\u00e9s militaires -<\/title>\n<meta name=\"robots\" content=\"index, follow, max-snippet:-1, max-image-preview:large, max-video-preview:-1\" \/>\n<link rel=\"canonical\" href=\"https:\/\/relanceinfo.tg\/?p=1143\" \/>\n<meta property=\"og:locale\" content=\"fr_FR\" \/>\n<meta property=\"og:type\" content=\"article\" \/>\n<meta property=\"og:title\" content=\"Togo|66e anniv d&#039;ind\u00e9pendance : Faure GNASSINGBE d\u00e9core plusieurs personnalit\u00e9s militaires -\" \/>\n<meta property=\"og:description\" content=\"Le Pr\u00e9sident du Conseil, Faure Essozimna GNASSINGBE, Chef supr\u00eame des arm\u00e9es a pr\u00e9sid\u00e9 samedi 25 avril 2026 au camp G\u00e9n\u00e9ral Gnassingb\u00e9 Eyad\u00e9ma \u00e0 Lom\u00e9 une c\u00e9r\u00e9monie de d\u00e9coration de plusieurs personnalit\u00e9s militaires, y compris le ministre en charge de la s\u00e9curit\u00e9 en reconnaissance de leur contribution \u00e0 la consolidation de la paix, la s\u00e9curit\u00e9 et [&hellip;]\" \/>\n<meta property=\"og:url\" content=\"https:\/\/relanceinfo.tg\/?p=1143\" \/>\n<meta property=\"article:published_time\" content=\"2026-04-26T09:39:14+00:00\" \/>\n<meta property=\"article:modified_time\" content=\"2026-04-26T09:46:06+00:00\" \/>\n<meta property=\"og:image\" content=\"https:\/\/relanceinfo.tg\/wp-content\/uploads\/2026\/04\/IMG-20260426-WA0042.jpg\" \/>\n\t<meta property=\"og:image:width\" content=\"1280\" \/>\n\t<meta property=\"og:image:height\" content=\"1014\" \/>\n\t<meta property=\"og:image:type\" content=\"image\/jpeg\" \/>\n<meta name=\"author\" content=\"Maurice AGBOSSOU\" \/>\n<meta name=\"twitter:card\" content=\"summary_large_image\" \/>\n<meta name=\"twitter:label1\" content=\"\u00c9crit par\" \/>\n\t<meta name=\"twitter:data1\" content=\"Maurice AGBOSSOU\" \/>\n\t<meta name=\"twitter:label2\" content=\"Dur\u00e9e de lecture estim\u00e9e\" \/>\n\t<meta name=\"twitter:data2\" content=\"4 minutes\" \/>\n<script type=\"application\/ld+json\" class=\"yoast-schema-graph\">{\"@context\":\"https:\/\/schema.org\",\"@graph\":[{\"@type\":\"Article\",\"@id\":\"https:\/\/relanceinfo.tg\/?p=1143#article\",\"isPartOf\":{\"@id\":\"https:\/\/relanceinfo.tg\/?p=1143\"},\"author\":{\"name\":\"Maurice AGBOSSOU\",\"@id\":\"https:\/\/relanceinfo.tg\/#\/schema\/person\/832c8be8a9a8e3e5a7dbc20cd79ccd2d\"},\"headline\":\"Togo|66e anniv d&rsquo;ind\u00e9pendance : Faure GNASSINGBE d\u00e9core plusieurs personnalit\u00e9s militaires\",\"datePublished\":\"2026-04-26T09:39:14+00:00\",\"dateModified\":\"2026-04-26T09:46:06+00:00\",\"mainEntityOfPage\":{\"@id\":\"https:\/\/relanceinfo.tg\/?p=1143\"},\"wordCount\":491,\"commentCount\":0,\"image\":{\"@id\":\"https:\/\/relanceinfo.tg\/?p=1143#primaryimage\"},\"thumbnailUrl\":\"https:\/\/relanceinfo.tg\/wp-content\/uploads\/2026\/04\/IMG-20260426-WA0042.jpg\",\"articleSection\":[\"MIVASSE\"],\"inLanguage\":\"fr-FR\",\"potentialAction\":[{\"@type\":\"CommentAction\",\"name\":\"Comment\",\"target\":[\"https:\/\/relanceinfo.tg\/?p=1143#respond\"]}]},{\"@type\":\"WebPage\",\"@id\":\"https:\/\/relanceinfo.tg\/?p=1143\",\"url\":\"https:\/\/relanceinfo.tg\/?p=1143\",\"name\":\"Togo|66e anniv d'ind\u00e9pendance : Faure GNASSINGBE d\u00e9core plusieurs personnalit\u00e9s militaires -\",\"isPartOf\":{\"@id\":\"https:\/\/relanceinfo.tg\/#website\"},\"primaryImageOfPage\":{\"@id\":\"https:\/\/relanceinfo.tg\/?p=1143#primaryimage\"},\"image\":{\"@id\":\"https:\/\/relanceinfo.tg\/?p=1143#primaryimage\"},\"thumbnailUrl\":\"https:\/\/relanceinfo.tg\/wp-content\/uploads\/2026\/04\/IMG-20260426-WA0042.jpg\",\"datePublished\":\"2026-04-26T09:39:14+00:00\",\"dateModified\":\"2026-04-26T09:46:06+00:00\",\"author\":{\"@id\":\"https:\/\/relanceinfo.tg\/#\/schema\/person\/832c8be8a9a8e3e5a7dbc20cd79ccd2d\"},\"breadcrumb\":{\"@id\":\"https:\/\/relanceinfo.tg\/?p=1143#breadcrumb\"},\"inLanguage\":\"fr-FR\",\"potentialAction\":[{\"@type\":\"ReadAction\",\"target\":[\"https:\/\/relanceinfo.tg\/?p=1143\"]}]},{\"@type\":\"ImageObject\",\"inLanguage\":\"fr-FR\",\"@id\":\"https:\/\/relanceinfo.tg\/?p=1143#primaryimage\",\"url\":\"https:\/\/relanceinfo.tg\/wp-content\/uploads\/2026\/04\/IMG-20260426-WA0042.jpg\",\"contentUrl\":\"https:\/\/relanceinfo.tg\/wp-content\/uploads\/2026\/04\/IMG-20260426-WA0042.jpg\",\"width\":1280,\"height\":1014},{\"@type\":\"BreadcrumbList\",\"@id\":\"https:\/\/relanceinfo.tg\/?p=1143#breadcrumb\",\"itemListElement\":[{\"@type\":\"ListItem\",\"position\":1,\"name\":\"Accueil\",\"item\":\"https:\/\/relanceinfo.tg\/\"},{\"@type\":\"ListItem\",\"position\":2,\"name\":\"Togo|66e anniv d&rsquo;ind\u00e9pendance : Faure GNASSINGBE d\u00e9core plusieurs personnalit\u00e9s militaires\"}]},{\"@type\":\"WebSite\",\"@id\":\"https:\/\/relanceinfo.tg\/#website\",\"url\":\"https:\/\/relanceinfo.tg\/\",\"name\":\"\",\"description\":\"La vraie information d&#039;ici et d&#039;ailleurs\",\"potentialAction\":[{\"@type\":\"SearchAction\",\"target\":{\"@type\":\"EntryPoint\",\"urlTemplate\":\"https:\/\/relanceinfo.tg\/?s={search_term_string}\"},\"query-input\":{\"@type\":\"PropertyValueSpecification\",\"valueRequired\":true,\"valueName\":\"search_term_string\"}}],\"inLanguage\":\"fr-FR\"},{\"@type\":\"Person\",\"@id\":\"https:\/\/relanceinfo.tg\/#\/schema\/person\/832c8be8a9a8e3e5a7dbc20cd79ccd2d\",\"name\":\"Maurice AGBOSSOU\",\"image\":{\"@type\":\"ImageObject\",\"inLanguage\":\"fr-FR\",\"@id\":\"https:\/\/secure.gravatar.com\/avatar\/521e826d24a53a735fc4ed9a0e8e2f22411acdd972bd51af668f84b83bc6e441?s=96&d=mm&r=g\",\"url\":\"https:\/\/secure.gravatar.com\/avatar\/521e826d24a53a735fc4ed9a0e8e2f22411acdd972bd51af668f84b83bc6e441?s=96&d=mm&r=g\",\"contentUrl\":\"https:\/\/secure.gravatar.com\/avatar\/521e826d24a53a735fc4ed9a0e8e2f22411acdd972bd51af668f84b83bc6e441?s=96&d=mm&r=g\",\"caption\":\"Maurice AGBOSSOU\"},\"url\":\"https:\/\/relanceinfo.tg\/?author=2\"}]}<\/script>\n<!-- \/ Yoast SEO plugin. -->","yoast_head_json":{"title":"Togo|66e anniv d'ind\u00e9pendance : Faure GNASSINGBE d\u00e9core plusieurs personnalit\u00e9s militaires -","robots":{"index":"index","follow":"follow","max-snippet":"max-snippet:-1","max-image-preview":"max-image-preview:large","max-video-preview":"max-video-preview:-1"},"canonical":"https:\/\/relanceinfo.tg\/?p=1143","og_locale":"fr_FR","og_type":"article","og_title":"Togo|66e anniv d'ind\u00e9pendance : Faure GNASSINGBE d\u00e9core plusieurs personnalit\u00e9s militaires -","og_description":"Le Pr\u00e9sident du Conseil, Faure Essozimna GNASSINGBE, Chef supr\u00eame des arm\u00e9es a pr\u00e9sid\u00e9 samedi 25 avril 2026 au camp G\u00e9n\u00e9ral Gnassingb\u00e9 Eyad\u00e9ma \u00e0 Lom\u00e9 une c\u00e9r\u00e9monie de d\u00e9coration de plusieurs personnalit\u00e9s militaires, y compris le ministre en charge de la s\u00e9curit\u00e9 en reconnaissance de leur contribution \u00e0 la consolidation de la paix, la s\u00e9curit\u00e9 et [&hellip;]","og_url":"https:\/\/relanceinfo.tg\/?p=1143","article_published_time":"2026-04-26T09:39:14+00:00","article_modified_time":"2026-04-26T09:46:06+00:00","og_image":[{"width":1280,"height":1014,"url":"https:\/\/relanceinfo.tg\/wp-content\/uploads\/2026\/04\/IMG-20260426-WA0042.jpg","type":"image\/jpeg"}],"author":"Maurice AGBOSSOU","twitter_card":"summary_large_image","twitter_misc":{"\u00c9crit par":"Maurice AGBOSSOU","Dur\u00e9e de lecture estim\u00e9e":"4 minutes"},"schema":{"@context":"https:\/\/schema.org","@graph":[{"@type":"Article","@id":"https:\/\/relanceinfo.tg\/?p=1143#article","isPartOf":{"@id":"https:\/\/relanceinfo.tg\/?p=1143"},"author":{"name":"Maurice AGBOSSOU","@id":"https:\/\/relanceinfo.tg\/#\/schema\/person\/832c8be8a9a8e3e5a7dbc20cd79ccd2d"},"headline":"Togo|66e anniv d&rsquo;ind\u00e9pendance : Faure GNASSINGBE d\u00e9core plusieurs personnalit\u00e9s militaires","datePublished":"2026-04-26T09:39:14+00:00","dateModified":"2026-04-26T09:46:06+00:00","mainEntityOfPage":{"@id":"https:\/\/relanceinfo.tg\/?p=1143"},"wordCount":491,"commentCount":0,"image":{"@id":"https:\/\/relanceinfo.tg\/?p=1143#primaryimage"},"thumbnailUrl":"https:\/\/relanceinfo.tg\/wp-content\/uploads\/2026\/04\/IMG-20260426-WA0042.jpg","articleSection":["MIVASSE"],"inLanguage":"fr-FR","potentialAction":[{"@type":"CommentAction","name":"Comment","target":["https:\/\/relanceinfo.tg\/?p=1143#respond"]}]},{"@type":"WebPage","@id":"https:\/\/relanceinfo.tg\/?p=1143","url":"https:\/\/relanceinfo.tg\/?p=1143","name":"Togo|66e anniv d'ind\u00e9pendance : Faure GNASSINGBE d\u00e9core plusieurs personnalit\u00e9s militaires -","isPartOf":{"@id":"https:\/\/relanceinfo.tg\/#website"},"primaryImageOfPage":{"@id":"https:\/\/relanceinfo.tg\/?p=1143#primaryimage"},"image":{"@id":"https:\/\/relanceinfo.tg\/?p=1143#primaryimage"},"thumbnailUrl":"https:\/\/relanceinfo.tg\/wp-content\/uploads\/2026\/04\/IMG-20260426-WA0042.jpg","datePublished":"2026-04-26T09:39:14+00:00","dateModified":"2026-04-26T09:46:06+00:00","author":{"@id":"https:\/\/relanceinfo.tg\/#\/schema\/person\/832c8be8a9a8e3e5a7dbc20cd79ccd2d"},"breadcrumb":{"@id":"https:\/\/relanceinfo.tg\/?p=1143#breadcrumb"},"inLanguage":"fr-FR","potentialAction":[{"@type":"ReadAction","target":["https:\/\/relanceinfo.tg\/?p=1143"]}]},{"@type":"ImageObject","inLanguage":"fr-FR","@id":"https:\/\/relanceinfo.tg\/?p=1143#primaryimage","url":"https:\/\/relanceinfo.tg\/wp-content\/uploads\/2026\/04\/IMG-20260426-WA0042.jpg","contentUrl":"https:\/\/relanceinfo.tg\/wp-content\/uploads\/2026\/04\/IMG-20260426-WA0042.jpg","width":1280,"height":1014},{"@type":"BreadcrumbList","@id":"https:\/\/relanceinfo.tg\/?p=1143#breadcrumb","itemListElement":[{"@type":"ListItem","position":1,"name":"Accueil","item":"https:\/\/relanceinfo.tg\/"},{"@type":"ListItem","position":2,"name":"Togo|66e anniv d&rsquo;ind\u00e9pendance : Faure GNASSINGBE d\u00e9core plusieurs personnalit\u00e9s militaires"}]},{"@type":"WebSite","@id":"https:\/\/relanceinfo.tg\/#website","url":"https:\/\/relanceinfo.tg\/","name":"","description":"La vraie information d&#039;ici et d&#039;ailleurs","potentialAction":[{"@type":"SearchAction","target":{"@type":"EntryPoint","urlTemplate":"https:\/\/relanceinfo.tg\/?s={search_term_string}"},"query-input":{"@type":"PropertyValueSpecification","valueRequired":true,"valueName":"search_term_string"}}],"inLanguage":"fr-FR"},{"@type":"Person","@id":"https:\/\/relanceinfo.tg\/#\/schema\/person\/832c8be8a9a8e3e5a7dbc20cd79ccd2d","name":"Maurice AGBOSSOU","image":{"@type":"ImageObject","inLanguage":"fr-FR","@id":"https:\/\/secure.gravatar.com\/avatar\/521e826d24a53a735fc4ed9a0e8e2f22411acdd972bd51af668f84b83bc6e441?s=96&d=mm&r=g","url":"https:\/\/secure.gravatar.com\/avatar\/521e826d24a53a735fc4ed9a0e8e2f22411acdd972bd51af668f84b83bc6e441?s=96&d=mm&r=g","contentUrl":"https:\/\/secure.gravatar.com\/avatar\/521e826d24a53a735fc4ed9a0e8e2f22411acdd972bd51af668f84b83bc6e441?s=96&d=mm&r=g","caption":"Maurice AGBOSSOU"},"url":"https:\/\/relanceinfo.tg\/?author=2"}]}},"_links":{"self":[{"href":"https:\/\/relanceinfo.tg\/index.php?rest_route=\/wp\/v2\/posts\/1143","targetHints":{"allow":["GET"]}}],"collection":[{"href":"https:\/\/relanceinfo.tg\/index.php?rest_route=\/wp\/v2\/posts"}],"about":[{"href":"https:\/\/relanceinfo.tg\/index.php?rest_route=\/wp\/v2\/types\/post"}],"author":[{"embeddable":true,"href":"https:\/\/relanceinfo.tg\/index.php?rest_route=\/wp\/v2\/users\/2"}],"replies":[{"embeddable":true,"href":"https:\/\/relanceinfo.tg\/index.php?rest_route=%2Fwp%2Fv2%2Fcomments&post=1143"}],"version-history":[{"count":4,"href":"https:\/\/relanceinfo.tg\/index.php?rest_route=\/wp\/v2\/posts\/1143\/revisions"}],"predecessor-version":[{"id":1153,"href":"https:\/\/relanceinfo.tg\/index.php?rest_route=\/wp\/v2\/posts\/1143\/revisions\/1153"}],"wp:featuredmedia":[{"embeddable":true,"href":"https:\/\/relanceinfo.tg\/index.php?rest_route=\/wp\/v2\/media\/1149"}],"wp:attachment":[{"href":"https:\/\/relanceinfo.tg\/index.php?rest_route=%2Fwp%2Fv2%2Fmedia&parent=1143"}],"wp:term":[{"taxonomy":"category","embeddable":true,"href":"https:\/\/relanceinfo.tg\/index.php?rest_route=%2Fwp%2Fv2%2Fcategories&post=1143"},{"taxonomy":"post_tag","embeddable":true,"href":"https:\/\/relanceinfo.tg\/index.php?rest_route=%2Fwp%2Fv2%2Ftags&post=1143"}],"curies":[{"name":"wp","href":"https:\/\/api.w.org\/{rel}","templated":true}]}}